{"id":4172,"date":"2022-06-02T19:09:09","date_gmt":"2022-06-02T17:09:09","guid":{"rendered":"https:\/\/ida.rwth-aachen.de\/?p=4172"},"modified":"2024-10-03T18:24:36","modified_gmt":"2024-10-03T16:24:36","slug":"waechter-waechter-historisches-archiv-und-bildarchiv-koeln","status":"publish","type":"post","link":"https:\/\/ida.rwth-aachen.de\/?p=4172","title":{"rendered":"Waechter + Waechter &#8211; Historisches Archiv und Bildarchiv K\u00f6ln"},"content":{"rendered":"\n<figure class=\"wp-block-image size-large is-resized\"><img loading=\"lazy\" decoding=\"async\" src=\"https:\/\/ida.rwth-aachen.de\/wp-content\/uploads\/2022\/06\/210729069-429x600.jpg\" alt=\"\" class=\"wp-image-4173\" width=\"429\" height=\"600\" srcset=\"https:\/\/ida.rwth-aachen.de\/wp-content\/uploads\/2022\/06\/210729069-429x600.jpg 429w, https:\/\/ida.rwth-aachen.de\/wp-content\/uploads\/2022\/06\/210729069-400x560.jpg 400w, https:\/\/ida.rwth-aachen.de\/wp-content\/uploads\/2022\/06\/210729069-768x1075.jpg 768w, https:\/\/ida.rwth-aachen.de\/wp-content\/uploads\/2022\/06\/210729069-1097x1536.jpg 1097w, https:\/\/ida.rwth-aachen.de\/wp-content\/uploads\/2022\/06\/210729069-1463x2048.jpg 1463w, https:\/\/ida.rwth-aachen.de\/wp-content\/uploads\/2022\/06\/210729069-scaled.jpg 1829w\" sizes=\"auto, (max-width: 429px) 100vw, 429px\" \/><\/figure>\n\n\n\n<div style=\"height:20px\" aria-hidden=\"true\" class=\"wp-block-spacer\"><\/div>\n\n\n\n<p>Felix Waechter<\/p>\n\n\n\n<div style=\"height:10px\" aria-hidden=\"true\" class=\"wp-block-spacer\"><\/div>\n\n\n\n<figure class=\"wp-block-image size-medium is-resized\"><img loading=\"lazy\" decoding=\"async\" src=\"https:\/\/ida.rwth-aachen.de\/wp-content\/uploads\/2022\/06\/Prof.-Felix-Waechter-400x600.jpg\" alt=\"\" class=\"wp-image-4174\" width=\"300\" height=\"450\" srcset=\"https:\/\/ida.rwth-aachen.de\/wp-content\/uploads\/2022\/06\/Prof.-Felix-Waechter-400x600.jpg 400w, https:\/\/ida.rwth-aachen.de\/wp-content\/uploads\/2022\/06\/Prof.-Felix-Waechter-399x600.jpg 399w, https:\/\/ida.rwth-aachen.de\/wp-content\/uploads\/2022\/06\/Prof.-Felix-Waechter-768x1154.jpg 768w, https:\/\/ida.rwth-aachen.de\/wp-content\/uploads\/2022\/06\/Prof.-Felix-Waechter-1022x1536.jpg 1022w, https:\/\/ida.rwth-aachen.de\/wp-content\/uploads\/2022\/06\/Prof.-Felix-Waechter-1363x2048.jpg 1363w, https:\/\/ida.rwth-aachen.de\/wp-content\/uploads\/2022\/06\/Prof.-Felix-Waechter-scaled.jpg 1703w\" sizes=\"auto, (max-width: 300px) 100vw, 300px\" \/><\/figure>\n\n\n\n<p>Felix Waechter, 1971 in Darmstadt geboren, studierte Architektur&nbsp;und Stadtplanung an der Universit\u00e4t&nbsp;Stuttgart, der \u00e9cole d\u2019architecture de&nbsp;Lyon und an Harvard&nbsp;University, Graduate School of Design. 1998 gr\u00fcndete er mit Sibylle Waechter das B\u00fcro Waechter+Waechter Architekten BDA mit Sitz in Darmstadt. Seit 2016 lehrt und forscht Felix Waechter als Professor f\u00fcr Entwerfen und Baukonstruktion am Fachbereich Architektur im Bauen mit Holz.<\/p>\n","protected":false},"excerpt":{"rendered":"<p>Felix Waechter Felix Waechter, 1971 in Darmstadt geboren, studierte Architektur&nbsp;und Stadtplanung an der Universit\u00e4t&nbsp;Stuttgart, der \u00e9cole d\u2019architecture de&nbsp;Lyon und an Harvard&nbsp;University, Graduate School of Design. 1998 gr\u00fcndete er mit Sibylle Waechter das B\u00fcro Waechter+Waechter Architekten BDA mit Sitz in Darmstadt. Seit 2016 lehrt und forscht Felix Waechter als Professor f\u00fcr Entwerfen und Baukonstruktion am Fachbereich &hellip; <a href=\"https:\/\/ida.rwth-aachen.de\/?p=4172\" class=\"more-link\">Continue reading <span class=\"screen-reader-text\">Waechter + Waechter &#8211; Historisches Archiv und Bildarchiv K\u00f6ln<\/span><\/a><\/p>\n","protected":false},"author":1,"featured_media":0,"comment_status":"open","ping_status":"open","sticky":false,"template":"","format":"standard","meta":{"footnotes":""},"categories":[3],"tags":[],"class_list":["post-4172","post","type-post","status-publish","format-standard","hentry","category-personen"],"post_mailing_queue_ids":[],"_links":{"self":[{"href":"https:\/\/ida.rwth-aachen.de\/index.php?rest_route=\/wp\/v2\/posts\/4172","targetHints":{"allow":["GET"]}}],"collection":[{"href":"https:\/\/ida.rwth-aachen.de\/index.php?rest_route=\/wp\/v2\/posts"}],"about":[{"href":"https:\/\/ida.rwth-aachen.de\/index.php?rest_route=\/wp\/v2\/types\/post"}],"author":[{"embeddable":true,"href":"https:\/\/ida.rwth-aachen.de\/index.php?rest_route=\/wp\/v2\/users\/1"}],"replies":[{"embeddable":true,"href":"https:\/\/ida.rwth-aachen.de\/index.php?rest_route=%2Fwp%2Fv2%2Fcomments&post=4172"}],"version-history":[{"count":4,"href":"https:\/\/ida.rwth-aachen.de\/index.php?rest_route=\/wp\/v2\/posts\/4172\/revisions"}],"predecessor-version":[{"id":4318,"href":"https:\/\/ida.rwth-aachen.de\/index.php?rest_route=\/wp\/v2\/posts\/4172\/revisions\/4318"}],"wp:attachment":[{"href":"https:\/\/ida.rwth-aachen.de\/index.php?rest_route=%2Fwp%2Fv2%2Fmedia&parent=4172"}],"wp:term":[{"taxonomy":"category","embeddable":true,"href":"https:\/\/ida.rwth-aachen.de\/index.php?rest_route=%2Fwp%2Fv2%2Fcategories&post=4172"},{"taxonomy":"post_tag","embeddable":true,"href":"https:\/\/ida.rwth-aachen.de\/index.php?rest_route=%2Fwp%2Fv2%2Ftags&post=4172"}],"curies":[{"name":"wp","href":"https:\/\/api.w.org\/{rel}","templated":true}]}}