{"id":4086,"date":"2022-05-16T13:41:18","date_gmt":"2022-05-16T11:41:18","guid":{"rendered":"https:\/\/ida.rwth-aachen.de\/?p=4086"},"modified":"2024-10-03T18:35:19","modified_gmt":"2024-10-03T16:35:19","slug":"wolfgang-zeh","status":"publish","type":"post","link":"https:\/\/ida.rwth-aachen.de\/?p=4086","title":{"rendered":"Wolfgang Zeh &#8211; Baul\u00fccke K\u00f6ln"},"content":{"rendered":"\n<figure class=\"wp-block-image size-large is-resized\"><img loading=\"lazy\" decoding=\"async\" src=\"https:\/\/ida.rwth-aachen.de\/wp-content\/uploads\/2022\/05\/Wolfgang_Zeh_Bauluecke_Koeln_002-324x600.jpeg\" alt=\"\" class=\"wp-image-4096\" width=\"338\" height=\"628\"\/><\/figure>\n\n\n\n<p>Wolfgang Zeh<\/p>\n\n\n\n<figure class=\"wp-block-image size-large is-resized\"><img loading=\"lazy\" decoding=\"async\" src=\"https:\/\/ida.rwth-aachen.de\/wp-content\/uploads\/2022\/05\/DSCF3484-450x600.jpeg\" alt=\"\" class=\"wp-image-4087\" width=\"338\" height=\"450\" srcset=\"https:\/\/ida.rwth-aachen.de\/wp-content\/uploads\/2022\/05\/DSCF3484-450x600.jpeg 450w, https:\/\/ida.rwth-aachen.de\/wp-content\/uploads\/2022\/05\/DSCF3484-400x533.jpeg 400w, https:\/\/ida.rwth-aachen.de\/wp-content\/uploads\/2022\/05\/DSCF3484-150x200.jpeg 150w, https:\/\/ida.rwth-aachen.de\/wp-content\/uploads\/2022\/05\/DSCF3484-768x1024.jpeg 768w, https:\/\/ida.rwth-aachen.de\/wp-content\/uploads\/2022\/05\/DSCF3484.jpeg 960w\" sizes=\"auto, (max-width: 338px) 100vw, 338px\" \/><\/figure>\n\n\n\n<p>1999-2002 Ausbildung zum Tischler, Bonn<br>2002-2008 Studium der Architektur, Bauhaus-Universit\u00e4t Weimar<br>2006 freie Mitarbeit bei N\u00e4geliarchitekten, Berlin<br>2008-2012 freie Mitarbeit bei BeL, K\u00f6ln<br>2010-2014 Arbeitsgemeinschaft mit Moritz Kaiser &amp; Kai Beck<br>seit 2011 selbstst\u00e4ndiger Architekt, AKNW und eigenes B\u00fcro in K\u00f6ln<br>2012-2013 Wissenschaftlicher Mitarbeiter, Lehrstuhl Entwerfen und St\u00e4dtebau II, Bauhaus-Universit\u00e4t Weimar<br>2013-2021 Wissenschaftlicher Mitarbeiter, Lehrstuhl Geb\u00e4udelehre und Grundlagen des Entwerfens, RWTH Aachen<br>2019 Berufung in den Bund Deutscher Architekten BDA<br>seit 2021 Prof. i.V. f\u00fcr Baukonstruktion an der MSA M\u00fcnster<\/p>\n","protected":false},"excerpt":{"rendered":"<p>Wolfgang Zeh 1999-2002 Ausbildung zum Tischler, Bonn2002-2008 Studium der Architektur, Bauhaus-Universit\u00e4t Weimar2006 freie Mitarbeit bei N\u00e4geliarchitekten, Berlin2008-2012 freie Mitarbeit bei BeL, K\u00f6ln2010-2014 Arbeitsgemeinschaft mit Moritz Kaiser &amp; Kai Beckseit 2011 selbstst\u00e4ndiger Architekt, AKNW und eigenes B\u00fcro in K\u00f6ln2012-2013 Wissenschaftlicher Mitarbeiter, Lehrstuhl Entwerfen und St\u00e4dtebau II, Bauhaus-Universit\u00e4t Weimar2013-2021 Wissenschaftlicher Mitarbeiter, Lehrstuhl Geb\u00e4udelehre und Grundlagen des Entwerfens, &hellip; <a href=\"https:\/\/ida.rwth-aachen.de\/?p=4086\" class=\"more-link\">Continue reading <span class=\"screen-reader-text\">Wolfgang Zeh &#8211; Baul\u00fccke K\u00f6ln<\/span><\/a><\/p>\n","protected":false},"author":1,"featured_media":0,"comment_status":"open","ping_status":"open","sticky":false,"template":"","format":"standard","meta":{"footnotes":""},"categories":[3],"tags":[],"class_list":["post-4086","post","type-post","status-publish","format-standard","hentry","category-personen"],"post_mailing_queue_ids":[],"_links":{"self":[{"href":"https:\/\/ida.rwth-aachen.de\/index.php?rest_route=\/wp\/v2\/posts\/4086","targetHints":{"allow":["GET"]}}],"collection":[{"href":"https:\/\/ida.rwth-aachen.de\/index.php?rest_route=\/wp\/v2\/posts"}],"about":[{"href":"https:\/\/ida.rwth-aachen.de\/index.php?rest_route=\/wp\/v2\/types\/post"}],"author":[{"embeddable":true,"href":"https:\/\/ida.rwth-aachen.de\/index.php?rest_route=\/wp\/v2\/users\/1"}],"replies":[{"embeddable":true,"href":"https:\/\/ida.rwth-aachen.de\/index.php?rest_route=%2Fwp%2Fv2%2Fcomments&post=4086"}],"version-history":[{"count":4,"href":"https:\/\/ida.rwth-aachen.de\/index.php?rest_route=\/wp\/v2\/posts\/4086\/revisions"}],"predecessor-version":[{"id":4098,"href":"https:\/\/ida.rwth-aachen.de\/index.php?rest_route=\/wp\/v2\/posts\/4086\/revisions\/4098"}],"wp:attachment":[{"href":"https:\/\/ida.rwth-aachen.de\/index.php?rest_route=%2Fwp%2Fv2%2Fmedia&parent=4086"}],"wp:term":[{"taxonomy":"category","embeddable":true,"href":"https:\/\/ida.rwth-aachen.de\/index.php?rest_route=%2Fwp%2Fv2%2Fcategories&post=4086"},{"taxonomy":"post_tag","embeddable":true,"href":"https:\/\/ida.rwth-aachen.de\/index.php?rest_route=%2Fwp%2Fv2%2Ftags&post=4086"}],"curies":[{"name":"wp","href":"https:\/\/api.w.org\/{rel}","templated":true}]}}