{"id":3348,"date":"2020-01-22T21:59:57","date_gmt":"2020-01-22T20:59:57","guid":{"rendered":"http:\/\/ida.rwth-aachen.de\/?p=3348"},"modified":"2023-10-24T16:27:14","modified_gmt":"2023-10-24T14:27:14","slug":"buol-zuend-haus-fuer-vereine-2","status":"publish","type":"post","link":"https:\/\/ida.rwth-aachen.de\/?p=3348","title":{"rendered":"Buol &#038; Z\u00fcnd &#8211; Wer folgt da wem? &#8211; Umbau einer Fabrik zu Wohnungen, 2005"},"content":{"rendered":"\n<div class=\"wp-block-columns is-layout-flex wp-container-core-columns-is-layout-9d6595d7 wp-block-columns-is-layout-flex\">\n<div class=\"wp-block-column is-layout-flow wp-block-column-is-layout-flow\">\n<figure class=\"wp-block-image size-large is-resized\"><img loading=\"lazy\" decoding=\"async\" src=\"https:\/\/ida.rwth-aachen.de\/wp-content\/uploads\/2020\/01\/BUZ_18-02-02_Oetlingerstrasse_073-800x600.jpg\" alt=\"\" class=\"wp-image-4972\" width=\"400\" height=\"300\" srcset=\"https:\/\/ida.rwth-aachen.de\/wp-content\/uploads\/2020\/01\/BUZ_18-02-02_Oetlingerstrasse_073-800x600.jpg 800w, https:\/\/ida.rwth-aachen.de\/wp-content\/uploads\/2020\/01\/BUZ_18-02-02_Oetlingerstrasse_073-400x300.jpg 400w, https:\/\/ida.rwth-aachen.de\/wp-content\/uploads\/2020\/01\/BUZ_18-02-02_Oetlingerstrasse_073-768x576.jpg 768w, https:\/\/ida.rwth-aachen.de\/wp-content\/uploads\/2020\/01\/BUZ_18-02-02_Oetlingerstrasse_073-1536x1152.jpg 1536w, https:\/\/ida.rwth-aachen.de\/wp-content\/uploads\/2020\/01\/BUZ_18-02-02_Oetlingerstrasse_073-2048x1536.jpg 2048w\" sizes=\"auto, (max-width: 400px) 100vw, 400px\" \/><figcaption>Oetlingerstrasse, Basel<\/figcaption><\/figure>\n\n\n\n<p><\/p>\n<\/div>\n<\/div>\n\n\n\n<figure class=\"wp-block-image size-large is-resized\"><img loading=\"lazy\" decoding=\"async\" src=\"https:\/\/ida.rwth-aachen.de\/wp-content\/uploads\/2020\/01\/mz_gr.jpg\" alt=\"\" class=\"wp-image-3354\" width=\"183\" height=\"275\"\/><figcaption>Marco Z\u00fcnd<br>\u00a9 privat<\/figcaption><\/figure>\n\n\n\n<p>1966 Geboren in Basel <br>1982 Vorkurs an der Kunstgewerbeschule, Basel<br>1983-1987 Hochbauzeichnerlehre Fierz &amp; Baader Architekten BSA, Basel<br>1988-1991 Studium der Architektur an der \u201eIngenieurschule beider Basel, HTL\u201c<br>1991 Diplom \u201eIngenieurschule beider Basel, HTL\u201c bei Michael Alder<br>1991 Gr\u00fcndung des Architekturb\u00fcros Buol &amp; Z\u00fcnd Architekten BSA<br>1994-1997 Assistent an der ETH Z\u00fcrich, CH; Professur f\u00fcr \u201eEntwurf und Konstruktion\u201c Prof. Hans Kollhoff <br>2000 Aufnahme in den Bund Schweizer Architekten (BSA)<br>2008 Mitglied des Denkmalrates Basel-Stadt, CH<br>2008 Gastprofessur, New Design University, St. P\u00f6lten, A<br>2013-2014 Vertretungsprofessur, \u201eStadtbaukunst und Entwerfen\u201c, TU Kaiserslautern, D<br>2014-2015 Vertretungsprofessur, \u201eGeb\u00e4udelehre und Entwerfen\u201c, TU Kaiserslautern, D <br>2016 Professor \u201eGeb\u00e4udelehre und Entwerfen\u201c, TU Kaiserslautern, D<\/p>\n\n\n\n<p><\/p>\n","protected":false},"excerpt":{"rendered":"<p>1966 Geboren in Basel 1982 Vorkurs an der Kunstgewerbeschule, Basel1983-1987 Hochbauzeichnerlehre Fierz &amp; Baader Architekten BSA, Basel1988-1991 Studium der Architektur an der \u201eIngenieurschule beider Basel, HTL\u201c1991 Diplom \u201eIngenieurschule beider Basel, HTL\u201c bei Michael Alder1991 Gr\u00fcndung des Architekturb\u00fcros Buol &amp; Z\u00fcnd Architekten BSA1994-1997 Assistent an der ETH Z\u00fcrich, CH; Professur f\u00fcr \u201eEntwurf und Konstruktion\u201c Prof. Hans &hellip; <a href=\"https:\/\/ida.rwth-aachen.de\/?p=3348\" class=\"more-link\">Continue reading <span class=\"screen-reader-text\">Buol &#038; Z\u00fcnd &#8211; Wer folgt da wem? &#8211; Umbau einer Fabrik zu Wohnungen, 2005<\/span><\/a><\/p>\n","protected":false},"author":4,"featured_media":0,"comment_status":"open","ping_status":"open","sticky":false,"template":"","format":"standard","meta":{"footnotes":""},"categories":[3],"tags":[],"class_list":["post-3348","post","type-post","status-publish","format-standard","hentry","category-personen"],"post_mailing_queue_ids":[],"_links":{"self":[{"href":"https:\/\/ida.rwth-aachen.de\/index.php?rest_route=\/wp\/v2\/posts\/3348","targetHints":{"allow":["GET"]}}],"collection":[{"href":"https:\/\/ida.rwth-aachen.de\/index.php?rest_route=\/wp\/v2\/posts"}],"about":[{"href":"https:\/\/ida.rwth-aachen.de\/index.php?rest_route=\/wp\/v2\/types\/post"}],"author":[{"embeddable":true,"href":"https:\/\/ida.rwth-aachen.de\/index.php?rest_route=\/wp\/v2\/users\/4"}],"replies":[{"embeddable":true,"href":"https:\/\/ida.rwth-aachen.de\/index.php?rest_route=%2Fwp%2Fv2%2Fcomments&post=3348"}],"version-history":[{"count":20,"href":"https:\/\/ida.rwth-aachen.de\/index.php?rest_route=\/wp\/v2\/posts\/3348\/revisions"}],"predecessor-version":[{"id":4986,"href":"https:\/\/ida.rwth-aachen.de\/index.php?rest_route=\/wp\/v2\/posts\/3348\/revisions\/4986"}],"wp:attachment":[{"href":"https:\/\/ida.rwth-aachen.de\/index.php?rest_route=%2Fwp%2Fv2%2Fmedia&parent=3348"}],"wp:term":[{"taxonomy":"category","embeddable":true,"href":"https:\/\/ida.rwth-aachen.de\/index.php?rest_route=%2Fwp%2Fv2%2Fcategories&post=3348"},{"taxonomy":"post_tag","embeddable":true,"href":"https:\/\/ida.rwth-aachen.de\/index.php?rest_route=%2Fwp%2Fv2%2Ftags&post=3348"}],"curies":[{"name":"wp","href":"https:\/\/api.w.org\/{rel}","templated":true}]}}