{"id":3056,"date":"2019-11-05T15:54:46","date_gmt":"2019-11-05T14:54:46","guid":{"rendered":"http:\/\/ida.rwth-aachen.de\/?p=3056"},"modified":"2023-10-24T16:32:18","modified_gmt":"2023-10-24T14:32:18","slug":"meili-peter-case-study-steel-house","status":"publish","type":"post","link":"https:\/\/ida.rwth-aachen.de\/?p=3056","title":{"rendered":"Meili, Peter und Partner Architekten &#8211; Telli- Erbschaft der Form"},"content":{"rendered":"\n<figure class=\"wp-block-image size-large is-resized\"><img loading=\"lazy\" decoding=\"async\" src=\"https:\/\/ida.rwth-aachen.de\/wp-content\/uploads\/2019\/11\/Modell-Richtprojekt-Marti-Kast-Architekten-aus-dem-Bildarchiv-der-Immobilienverwaltung-Wincasa-AG-942x600.jpg\" alt=\"\" class=\"wp-image-4989\" width=\"471\" height=\"300\" srcset=\"https:\/\/ida.rwth-aachen.de\/wp-content\/uploads\/2019\/11\/Modell-Richtprojekt-Marti-Kast-Architekten-aus-dem-Bildarchiv-der-Immobilienverwaltung-Wincasa-AG-942x600.jpg 942w, https:\/\/ida.rwth-aachen.de\/wp-content\/uploads\/2019\/11\/Modell-Richtprojekt-Marti-Kast-Architekten-aus-dem-Bildarchiv-der-Immobilienverwaltung-Wincasa-AG-400x255.jpg 400w, https:\/\/ida.rwth-aachen.de\/wp-content\/uploads\/2019\/11\/Modell-Richtprojekt-Marti-Kast-Architekten-aus-dem-Bildarchiv-der-Immobilienverwaltung-Wincasa-AG-768x489.jpg 768w, https:\/\/ida.rwth-aachen.de\/wp-content\/uploads\/2019\/11\/Modell-Richtprojekt-Marti-Kast-Architekten-aus-dem-Bildarchiv-der-Immobilienverwaltung-Wincasa-AG-1536x978.jpg 1536w, https:\/\/ida.rwth-aachen.de\/wp-content\/uploads\/2019\/11\/Modell-Richtprojekt-Marti-Kast-Architekten-aus-dem-Bildarchiv-der-Immobilienverwaltung-Wincasa-AG-2048x1304.jpg 2048w\" sizes=\"auto, (max-width: 471px) 100vw, 471px\" \/><figcaption>Energetische Sanierung <a href=\"https:\/\/www.meilipeterpartner.ch\/projekte\/telli-aarau\">Telli B und C<\/a>, Aaarau<br>\u00a9 Bildarchiv Wincasa AG<\/figcaption><\/figure>\n\n\n\n<p><\/p>\n\n\n\n<figure class=\"wp-block-image size-full is-resized\"><img loading=\"lazy\" decoding=\"async\" src=\"https:\/\/ida.rwth-aachen.de\/wp-content\/uploads\/2019\/11\/2013_Portrait_MP_-\u00aeWM.jpg\" alt=\"\" class=\"wp-image-3057\" width=\"309\" height=\"386\" srcset=\"https:\/\/ida.rwth-aachen.de\/wp-content\/uploads\/2019\/11\/2013_Portrait_MP_-\u00aeWM.jpg 2480w, https:\/\/ida.rwth-aachen.de\/wp-content\/uploads\/2019\/11\/2013_Portrait_MP_-\u00aeWM-400x500.jpg 400w, https:\/\/ida.rwth-aachen.de\/wp-content\/uploads\/2019\/11\/2013_Portrait_MP_-\u00aeWM-768x960.jpg 768w, https:\/\/ida.rwth-aachen.de\/wp-content\/uploads\/2019\/11\/2013_Portrait_MP_-\u00aeWM-480x600.jpg 480w\" sizes=\"auto, (max-width: 309px) 100vw, 309px\" \/><figcaption>Markus Peter<br>\u00a9 Walter Mayr<\/figcaption><\/figure>\n\n\n\n<p>Markus Peter&nbsp;ist 1957 in Z\u00fcrich geboren. Er schliesst eine Lehre als Tiefbauzeichner ab und studiert als Gasth\u00f6rer Philosophie an der Freien Universit\u00e4t Berlin. 1984 erlangt Markus Peter das Diplom f\u00fcr Architektur an der Technischen Hochschule Winterthur.<br>Ab 1985 bis 1988 arbeitet der junge Architekt zuerst als Assistent bei Prof. Dolf Schnebli und dann bei Prof. Mario Campi an der ETH Z\u00fcrich. Parallel zur Forschungs- und Lehrt\u00e4tigkeit beginnt die freie T\u00e4tigkeit als Architekt und Zusammenarbeit mit Marcel Meili, mit welchem er 1987 ein gemeinsames B\u00fcro gr\u00fcndet. 1990 ist &nbsp;Markus Peter Dozent an der Sommer Akademie in Karlsruhe. 1993 bis 1995 hat Markus Peter eine Gastprofessur an der ETH Z\u00fcrich inne und wird 2002 zum ordentlichen Professor berufen. Bis 2022 leitet er den&nbsp;<a href=\"http:\/\/www.maerkli-peter.arch.ethz.ch\/\">Lehrstuhl f\u00fcr Architektur und Konstruktion<\/a>. Der aktuelle Forschungsschwerpunkt ist die Arbeit und der Einfluss des Deutschen Architekten Bernhard Hans Henry Scharoun.<\/p>\n","protected":false},"excerpt":{"rendered":"<p>Markus Peter&nbsp;ist 1957 in Z\u00fcrich geboren. Er schliesst eine Lehre als Tiefbauzeichner ab und studiert als Gasth\u00f6rer Philosophie an der Freien Universit\u00e4t Berlin. 1984 erlangt Markus Peter das Diplom f\u00fcr Architektur an der Technischen Hochschule Winterthur.Ab 1985 bis 1988 arbeitet der junge Architekt zuerst als Assistent bei Prof. Dolf Schnebli und dann bei Prof. Mario &hellip; <a href=\"https:\/\/ida.rwth-aachen.de\/?p=3056\" class=\"more-link\">Continue reading <span class=\"screen-reader-text\">Meili, Peter und Partner Architekten &#8211; Telli- Erbschaft der Form<\/span><\/a><\/p>\n","protected":false},"author":1,"featured_media":0,"comment_status":"open","ping_status":"open","sticky":false,"template":"","format":"standard","meta":{"footnotes":""},"categories":[3],"tags":[],"class_list":["post-3056","post","type-post","status-publish","format-standard","hentry","category-personen"],"post_mailing_queue_ids":[],"_links":{"self":[{"href":"https:\/\/ida.rwth-aachen.de\/index.php?rest_route=\/wp\/v2\/posts\/3056","targetHints":{"allow":["GET"]}}],"collection":[{"href":"https:\/\/ida.rwth-aachen.de\/index.php?rest_route=\/wp\/v2\/posts"}],"about":[{"href":"https:\/\/ida.rwth-aachen.de\/index.php?rest_route=\/wp\/v2\/types\/post"}],"author":[{"embeddable":true,"href":"https:\/\/ida.rwth-aachen.de\/index.php?rest_route=\/wp\/v2\/users\/1"}],"replies":[{"embeddable":true,"href":"https:\/\/ida.rwth-aachen.de\/index.php?rest_route=%2Fwp%2Fv2%2Fcomments&post=3056"}],"version-history":[{"count":9,"href":"https:\/\/ida.rwth-aachen.de\/index.php?rest_route=\/wp\/v2\/posts\/3056\/revisions"}],"predecessor-version":[{"id":4991,"href":"https:\/\/ida.rwth-aachen.de\/index.php?rest_route=\/wp\/v2\/posts\/3056\/revisions\/4991"}],"wp:attachment":[{"href":"https:\/\/ida.rwth-aachen.de\/index.php?rest_route=%2Fwp%2Fv2%2Fmedia&parent=3056"}],"wp:term":[{"taxonomy":"category","embeddable":true,"href":"https:\/\/ida.rwth-aachen.de\/index.php?rest_route=%2Fwp%2Fv2%2Fcategories&post=3056"},{"taxonomy":"post_tag","embeddable":true,"href":"https:\/\/ida.rwth-aachen.de\/index.php?rest_route=%2Fwp%2Fv2%2Ftags&post=3056"}],"curies":[{"name":"wp","href":"https:\/\/api.w.org\/{rel}","templated":true}]}}